{"id":1459,"date":"2026-09-04T14:50:57","date_gmt":"2026-09-04T19:50:57","guid":{"rendered":"https:\/\/blog.hyperconectado.co\/?p=1459"},"modified":"2026-09-04T15:32:52","modified_gmt":"2026-09-04T20:32:52","slug":"los-jovenes-reporteros-que-no-existen-como-una-pagina-de-ia-construye-cobertura-favorable-al-gobierno-de-abelardo-de-la-espriella","status":"publish","type":"post","link":"https:\/\/blog.hyperconectado.co\/index.php\/2026\/09\/04\/los-jovenes-reporteros-que-no-existen-como-una-pagina-de-ia-construye-cobertura-favorable-al-gobierno-de-abelardo-de-la-espriella\/","title":{"rendered":"Los j\u00f3venes reporteros que no existen: c\u00f3mo una p\u00e1gina de IA construye cobertura favorable al gobierno de Abelardo de la Espriella"},"content":{"rendered":"\n<p class=\"wp-block-paragraph\">384 millones de vistas. 1,146 videos. Ninguno hecho por un periodista o ciudadano real. Ninguna de las personas que hablan en ellos existe. Y aun as\u00ed, millones de personas los han visto creyendo, probablemente, que son noticias.<\/p>\n\n\n\n<p class=\"wp-block-paragraph\">Se llama TeamCritico. Opera bajo el nombre &#8220;NeuroCurioso&#8221;. Naci\u00f3 en septiembre de 2025 \u2014y sigue activa hoy.<\/p>\n\n\n\n<p class=\"wp-block-paragraph\">(<a href=\"https:\/\/www.facebook.com\/TeamCritico\">https:\/\/www.facebook.com\/TeamCritico<\/a>)<\/p>\n\n\n\n<p class=\"wp-block-paragraph\">La elecci\u00f3n presidencial de Colombia ya pas\u00f3. Abelardo de la Espriella ya gobierna. La p\u00e1gina sigue publicando exactamente igual: contenido favorable a su gobierno, hecho con inteligencia artificial, disfrazado de periodismo y enga\u00f1ando, generando emociones y creando una narrativa positiva al actual gobierno.<\/p>\n\n\n\n<p class=\"wp-block-paragraph\">Los reporteros no existen. Tampoco los entrevistados. Tampoco sus opiniones, sus caras, sus voces.<strong> Todo fue generado artificialmente.<\/strong><\/p>\n\n\n\n<p class=\"wp-block-paragraph\">Usan un formato similar: Un joven, micr\u00f3fono en mano, entrevistas de calle, o testigo de los hechos, la est\u00e9tica artificial de un lugar de Colombia. Dise\u00f1ado, precisamente, para que nadie note la diferencia.<\/p>\n\n\n\n<p class=\"wp-block-paragraph\"><strong>Nada de lo que dicen esas personas fue dicho por nadie. Porque esas personas no existen.<\/strong><\/p>\n\n\n\n<p class=\"wp-block-paragraph\">Desde que naci\u00f3, la p\u00e1gina ha recreado con este m\u00e9todo los momentos m\u00e1s sensibles de la pol\u00edtica colombiana y regional: la elecci\u00f3n presidencial, la captura de Nicol\u00e1s Maduro, tensiones militares internacionales.<\/p>\n\n\n\n<p class=\"wp-block-paragraph\">Y los datos muestran algo que ning\u00fan titular suelto podr\u00eda probar por s\u00ed solo: de todos los protagonistas pol\u00edticos de la p\u00e1gina, solo uno recibe trato favorable. Abelardo de la Espriella. Sus rivales \u2014Gustavo Petro, Iv\u00e1n Cepeda\u2014 concentran casi toda la cobertura negativa. Y no es una opini\u00f3n, es matem\u00e1ticamente demostrable como lo explicaremos. <\/p>\n\n\n\n<p class=\"wp-block-paragraph\"><strong>\u00bfCu\u00e1ntas de esas 384 millones de vistas creyeron que estaban viendo una entrevista real?<\/strong><\/p>\n\n\n\n<p class=\"wp-block-paragraph\">Desde su creaci\u00f3n, la p\u00e1gina ha publicado en promedio m\u00e1s de tres videos por d\u00eda \u2014 uno cada siete u ocho horas, de forma ininterrumpida durante casi un a\u00f1o. Esto sin contar las im\u00e1genes de la p\u00e1gina que pueden superar ese n\u00famero. Un ritmo que sugiere producci\u00f3n sistematizada, aunque no permite establecer por s\u00ed solo si detr\u00e1s hay una persona o un equipo. Es una producci\u00f3n industrial y seg\u00fan la evidencia recopilada no parece tener nada que ver con estrategias de clickbailt o monetizaci\u00f3n. <\/p>\n\n\n\n<figure class=\"wp-block-image size-large\"><img loading=\"lazy\" decoding=\"async\" width=\"1024\" height=\"694\" src=\"https:\/\/blog.hyperconectado.co\/wp-content\/uploads\/2026\/09\/Captura-de-pantalla-2026-09-04-a-las-3.05.48-p.m-1024x694.png\" alt=\"\" class=\"wp-image-1486\" srcset=\"https:\/\/blog.hyperconectado.co\/wp-content\/uploads\/2026\/09\/Captura-de-pantalla-2026-09-04-a-las-3.05.48-p.m-1024x694.png 1024w, https:\/\/blog.hyperconectado.co\/wp-content\/uploads\/2026\/09\/Captura-de-pantalla-2026-09-04-a-las-3.05.48-p.m-300x203.png 300w, https:\/\/blog.hyperconectado.co\/wp-content\/uploads\/2026\/09\/Captura-de-pantalla-2026-09-04-a-las-3.05.48-p.m-768x521.png 768w, https:\/\/blog.hyperconectado.co\/wp-content\/uploads\/2026\/09\/Captura-de-pantalla-2026-09-04-a-las-3.05.48-p.m.png 1167w\" sizes=\"auto, (max-width: 1024px) 100vw, 1024px\" \/><\/figure>\n\n\n\n<div style=\"border: 4px solid #0E0E0E; background: #308A9E; padding: 24px; margin: 32px 0; box-shadow: 8px 8px 0 #0E0E0E; text-align: center;\">\n  <p style=\"color: #fff; font-size: 13px; font-weight: 700; text-transform: uppercase; letter-spacing: 0.5px; margin: 0 0 8px;\">Evidencia interactiva<\/p>\n  <p style=\"color: #fff; font-size: 20px; font-weight: 900; margin: 0 0 16px; line-height: 1.2;\">1,146 rostros. Ninguno es real.<\/p>\n  <a href=\"https:\/\/hyperconectado.co\/proyectos\/\" target=\"_blank\" style=\"display: inline-block; background: #CD3334; color: #fff; font-weight: 700; text-transform: uppercase; font-size: 14px; padding: 12px 28px; text-decoration: none; border: 2px solid #0E0E0E;\">Ver el elenco falso \u2192<\/a>\n<\/div>\n\n\n\n<h1 class=\"wp-block-heading\">1. Los hechos<\/h1>\n\n\n\n<h4 class=\"wp-block-heading\">1.1 Qu\u00e9 es TeamCritico \/ NeuroCurioso<\/h4>\n\n\n\n<p class=\"wp-block-paragraph\">La p\u00e1gina existe bajo dos nombres. El p\u00fablico la conoce como &#8220;NeuroCurioso&#8221;. Su identificador real en Facebook es <code>@TeamCritico<\/code>.<br>(<a href=\"https:\/\/www.facebook.com\/TeamCritico\">https:\/\/www.facebook.com\/TeamCritico<\/a>)<\/p>\n\n\n\n<p class=\"wp-block-paragraph\">Fue creada el 12 de septiembre de 2025. No es una cuenta reciclada: no se fusion\u00f3 con otras p\u00e1ginas, no cambi\u00f3 de nombre. Se construy\u00f3 desde cero, espec\u00edficamente para esto.<\/p>\n\n\n\n<p class=\"wp-block-paragraph\">La administra una sola persona, con base principal en Colombia. Su identidad no est\u00e1 verificada por Meta.<\/p>\n\n\n\n<p class=\"wp-block-paragraph\">Hasta el momento de esta investigaci\u00f3n, no tiene pauta publicitaria activa.<\/p>\n\n\n\n<figure class=\"wp-block-image size-large\"><img loading=\"lazy\" decoding=\"async\" width=\"1024\" height=\"567\" src=\"https:\/\/blog.hyperconectado.co\/wp-content\/uploads\/2026\/09\/Captura-de-pantalla-2026-09-04-a-las-9.41.13-a.m-1024x567.png\" alt=\"\" class=\"wp-image-1462\" srcset=\"https:\/\/blog.hyperconectado.co\/wp-content\/uploads\/2026\/09\/Captura-de-pantalla-2026-09-04-a-las-9.41.13-a.m-1024x567.png 1024w, https:\/\/blog.hyperconectado.co\/wp-content\/uploads\/2026\/09\/Captura-de-pantalla-2026-09-04-a-las-9.41.13-a.m-300x166.png 300w, https:\/\/blog.hyperconectado.co\/wp-content\/uploads\/2026\/09\/Captura-de-pantalla-2026-09-04-a-las-9.41.13-a.m-768x425.png 768w, https:\/\/blog.hyperconectado.co\/wp-content\/uploads\/2026\/09\/Captura-de-pantalla-2026-09-04-a-las-9.41.13-a.m-1536x851.png 1536w, https:\/\/blog.hyperconectado.co\/wp-content\/uploads\/2026\/09\/Captura-de-pantalla-2026-09-04-a-las-9.41.13-a.m.png 1672w\" sizes=\"auto, (max-width: 1024px) 100vw, 1024px\" \/><\/figure>\n\n\n\n<h4 class=\"wp-block-heading\">1.2 El formato: J\u00f3venes reporteros que no existen<\/h4>\n\n\n\n<p class=\"wp-block-paragraph\">Cada video sigue el mismo guion visual: un &#8220;reportero&#8221; o testigo de hechos aborda a alguien en la calle simplemente hace parte de alg\u00fane vento de la realidad colombiana. <\/p>\n\n\n\n<p class=\"wp-block-paragraph\">Hace afirmaciones, en algunos casos tiene testigos o personas que entrevistan. La personas responden o actuan, con opini\u00f3n, con gestos, con acento colombiano u otros acentos.<\/p>\n\n\n\n<p class=\"wp-block-paragraph\"><strong>Nadie existe.<\/strong><\/p>\n\n\n\n<p class=\"wp-block-paragraph\">Son personas generadas por inteligencia artificial. En al menos un video aparece la marca de agua de <strong>Veo<\/strong>, la herramienta de generaci\u00f3n de video de Google. En otro, la propia p\u00e1gina usa el hashtag <strong>#Sora2<\/strong>, la herramienta de OpenAI. Probablemente signos de un proceso automatizado que no tiene revisi\u00f3n humana. En varios videos analizados encontramos errores en el gui\u00f3n, errores en los acentos y ediciones mal elaboradas. <\/p>\n\n\n\n<figure class=\"wp-block-video\"><video height=\"1280\" style=\"aspect-ratio: 720 \/ 1280;\" width=\"720\" controls src=\"https:\/\/blog.hyperconectado.co\/wp-content\/uploads\/2026\/09\/FDown.vn_Facebook_Video_Downloader_720p-HD_8c1a.mp4\"><\/video><figcaption class=\"wp-element-caption\">Reel publicado por TeamCritico\/NeuroCurioso. 458 mil vistas. Recrea una gira presidencial con el mismo formato de entrevista callejera, presentando apoyo popular hacia el gobierno sin contraparte cr\u00edtica.<\/figcaption><\/figure>\n\n\n\n<figure class=\"wp-block-video\"><video height=\"640\" style=\"aspect-ratio: 360 \/ 640;\" width=\"360\" controls src=\"https:\/\/blog.hyperconectado.co\/wp-content\/uploads\/2026\/09\/FDown.vn_Facebook_Video_Downloader_360p-SD_36b1.mp4\"><\/video><figcaption class=\"wp-element-caption\">Reel publicado por TeamCritico\/NeuroCurioso. 1 mill\u00f3n de vistas \u2014 el video de mayor alcance entre los que mencionan a Abelardo de la Espriella. Muestra el formato caracter\u00edstico de la p\u00e1gina: un reportero generado por IA cubriendo o informando sobre una medida de gobierno real.<\/figcaption><\/figure>\n\n\n\n<p class=\"wp-block-paragraph\"><br>El truco para que esta p\u00e1gina sigan enga\u00f1ando gente es que abiertamente dicen que son creadores de contenido con IA. <\/p>\n\n\n\n<p class=\"wp-block-paragraph\">Facebook s\u00ed lo advierte \u2014pero solo si el usuario sabe d\u00f3nde mirar. Cada uno de estos videos est\u00e1 etiquetado internamente como &#8220;Contenido de IA&#8221;. No por decisi\u00f3n de la plataforma: por autodivulgaci\u00f3n del propio operador de la p\u00e1gina. A pesar de esto, cualquier persona puede leer los comentarios de miles de personas para darse cuenta que en alto porcentaje de ciudadanos comunes y corrientes creen que esto es verdad.<\/p>\n\n\n\n<p class=\"wp-block-paragraph\"><\/p>\n\n\n\n<figure class=\"wp-block-video\"><video height=\"1280\" style=\"aspect-ratio: 720 \/ 1280;\" width=\"720\" controls src=\"https:\/\/blog.hyperconectado.co\/wp-content\/uploads\/2026\/09\/FDown.vn_Facebook_Video_Downloader_720p-HD_13b5.mp4\"><\/video><figcaption class=\"wp-element-caption\">Los videos aprovechan las coyunturas de la opini\u00f3n p\u00fablica para sembrar opiniones sobre temas que se discuten en el pa\u00eds. <\/figcaption><\/figure>\n\n\n\n<p class=\"wp-block-paragraph\"><br><\/p>\n\n\n\n<figure class=\"wp-block-image aligncenter size-full\"><img loading=\"lazy\" decoding=\"async\" width=\"493\" height=\"871\" src=\"https:\/\/blog.hyperconectado.co\/wp-content\/uploads\/2026\/09\/Captura-de-pantalla-2026-09-04-a-las-3.11.48-p.m.png\" alt=\"\" class=\"wp-image-1489\" srcset=\"https:\/\/blog.hyperconectado.co\/wp-content\/uploads\/2026\/09\/Captura-de-pantalla-2026-09-04-a-las-3.11.48-p.m.png 493w, https:\/\/blog.hyperconectado.co\/wp-content\/uploads\/2026\/09\/Captura-de-pantalla-2026-09-04-a-las-3.11.48-p.m-170x300.png 170w\" sizes=\"auto, (max-width: 493px) 100vw, 493px\" \/><figcaption class=\"wp-element-caption\">Varios de los videos tienen marcas de agua. En este caso Sora un modelo antiguo de Google. En otra se pueden ver de VEO. <\/figcaption><\/figure>\n\n\n\n<h4 class=\"wp-block-heading\"><strong>1.3 La escala<\/strong><\/h4>\n\n\n\n<p class=\"wp-block-paragraph\">1,146 videos. 384.5 millones de vistas acumuladas.<\/p>\n\n\n\n<p class=\"wp-block-paragraph\">Esta cifra no sali\u00f3 de un c\u00e1lculo aproximado ni de mirar la p\u00e1gina por encima. Se construy\u00f3 extrayendo, uno por uno, el enlace y el conteo de vistas de cada video publicado por la cuenta, usando una herramienta est\u00e1ndar de recolecci\u00f3n de datos p\u00fablicos \u2014el mismo tipo de herramienta que cualquier analista de redes sociales usa todos los d\u00edas, no un m\u00e9todo de acceso especial ni una vulneraci\u00f3n de seguridad.<\/p>\n\n\n\n<p class=\"wp-block-paragraph\"><strong>Usamos un m\u00e9todo nuevo que nos toc\u00f3 implementar en la investigaci\u00f3n por cuenta del volumen de contenido<\/strong>.<\/p>\n\n\n\n<p class=\"wp-block-paragraph\">Cada cifra de vistas fue verificada contra el n\u00famero que Facebook muestra p\u00fablicamente en cada video, visible para cualquier usuario que entre a la p\u00e1gina.<\/p>\n\n\n\n<p class=\"wp-block-paragraph\">Desde su creaci\u00f3n, la p\u00e1gina ha publicado en promedio m\u00e1s de tres videos por d\u00eda \u2014 uno cada siete u ocho horas, de forma ininterrumpida durante casi un a\u00f1o. Un ritmo que sugiere producci\u00f3n sistematizada, aunque no permite establecer por s\u00ed solo si detr\u00e1s hay una persona o un equipo.<\/p>\n\n\n\n<p class=\"wp-block-paragraph\">El video de mayor alcance \u201418 millones de vistas, m\u00e1s que cualquier canal de noticias digital colombiano en un solo video\u2014 trata sobre la detenci\u00f3n de Nicol\u00e1s Maduro en Nueva York.<\/p>\n\n\n\n<p class=\"wp-block-paragraph\">Para contextualizar esa cifra: 18 millones de vistas equivale, aproximadamente, a que un tercio de la poblaci\u00f3n de Colombia haya visto ese \u00fanico video. <\/p>\n\n\n\n<figure class=\"wp-block-image size-full\"><img loading=\"lazy\" decoding=\"async\" width=\"790\" height=\"490\" src=\"https:\/\/blog.hyperconectado.co\/wp-content\/uploads\/2026\/09\/descarga.png\" alt=\"\" class=\"wp-image-1467\" srcset=\"https:\/\/blog.hyperconectado.co\/wp-content\/uploads\/2026\/09\/descarga.png 790w, https:\/\/blog.hyperconectado.co\/wp-content\/uploads\/2026\/09\/descarga-300x186.png 300w, https:\/\/blog.hyperconectado.co\/wp-content\/uploads\/2026\/09\/descarga-768x476.png 768w\" sizes=\"auto, (max-width: 790px) 100vw, 790px\" \/><\/figure>\n\n\n\n<p class=\"wp-block-paragraph\"><\/p>\n\n\n\n<p class=\"wp-block-paragraph\">La mayor\u00eda de los videos de TeamCritico no son virales masivos. Se concentran en un rango medio: entre 10 mil y un mill\u00f3n de vistas.<\/p>\n\n\n\n<p class=\"wp-block-paragraph\">Solo 78 videos \u2014menos del 7% del total\u2014 superan el mill\u00f3n de vistas.<\/p>\n\n\n\n<p class=\"wp-block-paragraph\">Pero ese peque\u00f1o grupo concentra una parte enorme del alcance total de la p\u00e1gina. Incluye el video de mayor impacto de toda la investigaci\u00f3n: <strong>18 millones de vistas sobre la detenci\u00f3n de Nicol\u00e1s Maduro.<\/strong><\/p>\n\n\n\n<p class=\"wp-block-paragraph\">Esto importa por dos razones. Primero, descarta que el alcance de la p\u00e1gina dependa de un solo video afortunado \u2014 hay volumen sostenido en cientos de piezas. Segundo, confirma que existe un pu\u00f1ado de contenidos que funcionan como picos de m\u00e1xima exposici\u00f3n, y son precisamente esos los que hay que examinar con m\u00e1s atenci\u00f3n.<\/p>\n\n\n\n<div style=\"border-left: 4px solid #308A9E; background: #F3F2F1; padding: 16px 20px; margin: 20px 0;\">\n  <p style=\"margin: 0 0 8px 0; font-weight: bold; color: #0E0E0E;\">Video de mayor alcance de la investigaci\u00f3n<\/p>\n  <p style=\"margin: 0 0 4px 0;\"><strong>Titular:<\/strong> &#8220;Guardia de USA burlan de Maduro en NY&#8221;<\/p>\n  <p style=\"margin: 0 0 4px 0;\"><strong>Vistas:<\/strong> 18,000,000<\/p>\n  <p style=\"margin: 0 0 4px 0;\"><strong>Fecha de publicaci\u00f3n (verificada):<\/strong> 13 de marzo de 2026<\/p>\n  <p style=\"margin: 0 0 4px 0;\"><strong>Contexto real:<\/strong> publicado en medio del proceso judicial de Maduro en Nueva York, tras su captura el 3 de enero de 2026<\/p>\n  <p style=\"margin: 0;\"><strong>Enlace:<\/strong> <a href=\"https:\/\/www.facebook.com\/reel\/713791325061823\/\" target=\"_blank\">facebook.com\/reel\/713791325061823<\/a><\/p>\n<\/div>\n\n\n\n<p class=\"wp-block-paragraph\"><\/p>\n\n\n\n<figure class=\"wp-block-video\"><video height=\"1280\" style=\"aspect-ratio: 720 \/ 1280;\" width=\"720\" controls src=\"https:\/\/blog.hyperconectado.co\/wp-content\/uploads\/2026\/09\/FDown.vn_Facebook_Video_Downloader_720p-HD_c6b6.mp4\"><\/video><\/figure>\n\n\n\n<p class=\"wp-block-paragraph\"><\/p>\n\n\n\n<p class=\"wp-block-paragraph\">Uno de los retos t\u00e9cnicos m\u00e1s dificiles de una investigaci\u00f3n es saber el n\u00famero de vistas de un video en Reels. Facebook lo muestra autom\u00e1ticamente en cada video pero no hay forma de extraer un total. En el nuevo m\u00e9todo que usamos para scrapear los datos el dataset que logramos ya inclu\u00eda el dato de visualuizaciones. Confirmamos esto con otros videos y coincid\u00edan. Esto es importante dejarlo claro, saber de d\u00f3nde salen los datos del n\u00famero de visualizaciones. <br><br><br><strong>1.4 El patr\u00f3n: 50 de 50 videos, todos favorables<\/strong><\/p>\n\n\n\n<p class=\"wp-block-paragraph\">Este es el hallazgo central de esta investigaci\u00f3n.<\/p>\n\n\n\n<p class=\"wp-block-paragraph\">No depende de un algoritmo. Depende de algo m\u00e1s simple: ver el video.<\/p>\n\n\n\n<p class=\"wp-block-paragraph\">Un primer an\u00e1lisis, hecho con un modelo de lenguaje aplicado a los titulares de cada miniatura, ya mostraba una diferencia marcada entre Abelardo de la Espriella y sus rivales pol\u00edticos.<\/p>\n\n\n\n<p class=\"wp-block-paragraph\">Pero los titulares mienten.<\/p>\n\n\n\n<p class=\"wp-block-paragraph\">Varios t\u00edtulos que parec\u00edan neutrales, o incluso cr\u00edticos \u2014<em>&#8220;Abelardo no podr\u00e1 usar s\u00edmbolos patrios&#8221;<\/em>, <em>&#8220;La cr\u00edtica de Abelardo por regalar balones&#8221;<\/em>, <em>&#8220;Gente de Cepeda acusa a Abelardo de no debatir&#8221;<\/em>\u2014 resultaron ser, al ver el video completo, piezas de defensa del gobierno.<\/p>\n\n\n\n<p class=\"wp-block-paragraph\">Mencionan la controversia. Y la desmontan.<\/p>\n\n\n\n<p class=\"wp-block-paragraph\">Por eso se hizo lo \u00fanico que un modelo autom\u00e1tico no puede reemplazar: se vieron los 50 videos sobre Abelardo, completos, uno por uno.<\/p>\n\n\n\n<p class=\"wp-block-paragraph\">El resultado: <strong>50 de 50.<\/strong><\/p>\n\n\n\n<p class=\"wp-block-paragraph\">El cien por ciento del contenido sobre Abelardo de la Espriella es favorable a su gobierno.<\/p>\n\n\n\n<p class=\"wp-block-paragraph\">Ninguno constituye cr\u00edtica real. Los titulares que sugieren controversia son, en la pr\u00e1ctica, el anzuelo que atrae al espectador hacia contenido que termina defendiendo al gobierno.<\/p>\n\n\n\n<p class=\"wp-block-paragraph\">Como referencia adicional \u2014no como prueba principal, porque no recibi\u00f3 la misma verificaci\u00f3n video por video\u2014, el mismo modelo de lenguaje aplicado a los rivales pol\u00edticos de Abelardo muestra el contraste: Gustavo Petro y Iv\u00e1n Cepeda concentran la mayor proporci\u00f3n de contenido negativo de toda la p\u00e1gina. Las figuras pol\u00edticas externas a Colombia \u2014Maduro, Trump\u2014 se mantienen mayormente neutrales.<\/p>\n\n\n\n<p class=\"wp-block-paragraph\">Esa diferencia importa. Descarta que esto sea una f\u00f3rmula pareja, aplicada por igual a cualquier tema viral. El tratamiento favorable est\u00e1 dirigido, espec\u00edficamente, a la contienda electoral colombiana y la vida pol\u00edtica del pa\u00eds. <\/p>\n\n\n\n<div style=\"border: 1px solid #E6E9EE; border-radius: 8px; padding: 20px; margin: 20px 0; font-family: sans-serif;\">\n<p style=\"font-weight: bold; font-size: 16px; margin-bottom: 12px;\">Los 50 videos sobre Abelardo de la Espriella analizados en esta investigaci\u00f3n<\/p>\n<p style=\"font-size: 13px; color: #666; margin-bottom: 16px;\">Ordenados por n\u00famero de vistas. Cada video fue verificado directamente por esta investigaci\u00f3n: el 100% result\u00f3 favorable al gobierno.<\/p>\n<ol style=\"padding-left: 20px;\">\n  <li style=\"margin-bottom: 8px;\"><a href=\"https:\/\/www.facebook.com\/reel\/4635387110066214\/\" target=\"_blank\">Abelardo orden\u00f3 traslado de 20 reclusos<\/a> \u2014 <strong>1 mill.<\/strong> vistas<\/li>\n  <li style=\"margin-bottom: 8px;\"><a href=\"https:\/\/www.facebook.com\/reel\/949276070756181\/\" target=\"_blank\">Abelardo anuncia deportaci\u00f3n y seguridad<\/a> \u2014 <strong>664 mil<\/strong> vistas<\/li>\n  <li style=\"margin-bottom: 8px;\"><a href=\"https:\/\/www.facebook.com\/reel\/1300667638709746\/\" target=\"_blank\">Nueva cupula militar de abelardo<\/a> \u2014 <strong>655 mil<\/strong> vistas<\/li>\n  <li style=\"margin-bottom: 8px;\"><a href=\"https:\/\/www.facebook.com\/reel\/2903226100025646\/\" target=\"_blank\">Abelardo en Choc\u00f3, manifestando su apoyo<\/a> \u2014 <strong>458 mil<\/strong> vistas<\/li>\n  <li style=\"margin-bottom: 8px;\"><a href=\"https:\/\/www.facebook.com\/reel\/1934028933931926\/\" target=\"_blank\">Abelardo activa Buque hospital al Pac\u00edfico<\/a> \u2014 <strong>350 mil<\/strong> vistas<\/li>\n  <li style=\"margin-bottom: 8px;\"><a href=\"https:\/\/www.facebook.com\/reel\/4481662675384553\/\" target=\"_blank\">UNIVERRSIDAD DISTRIITAL Critican a abelardo por su fe pero a petro no<\/a> \u2014 <strong>338 mil<\/strong> vistas<\/li>\n  <li style=\"margin-bottom: 8px;\"><a href=\"https:\/\/www.facebook.com\/reel\/1011963435051617\/\" target=\"_blank\">Petro no asistir\u00e1 a la posesi\u00f3n de abelardo UNIVERSIDAD DISTRITAL UMNCISCO JOS\u00c9 DE CALDAS<\/a> \u2014 <strong>306 mil<\/strong> vistas<\/li>\n  <li style=\"margin-bottom: 8px;\"><a href=\"https:\/\/www.facebook.com\/reel\/1018377111120244\/\" target=\"_blank\">Veteranos y jovenes confian en Abelardo IKU? CFA<\/a> \u2014 <strong>242 mil<\/strong> vistas<\/li>\n  <li style=\"margin-bottom: 8px;\"><a href=\"https:\/\/www.facebook.com\/reel\/981693911040448\/\" target=\"_blank\">Abelardo el tigre en pereira y Ileno TIGRE<\/a> \u2014 <strong>240 mil<\/strong> vistas<\/li>\n  <li style=\"margin-bottom: 8px;\"><a href=\"https:\/\/www.facebook.com\/reel\/1429289205686184\/\" target=\"_blank\">EL TIGRET Abelardo se posesi\u00f3na en Cali<\/a> \u2014 <strong>121 mil<\/strong> vistas<\/li>\n  <li style=\"margin-bottom: 8px;\"><a href=\"https:\/\/www.facebook.com\/reel\/2944890912518588\/\" target=\"_blank\">La critica de abelardo por regalar Balones<\/a> \u2014 <strong>113 mil<\/strong> vistas<\/li>\n  <li style=\"margin-bottom: 8px;\"><a href=\"https:\/\/www.facebook.com\/reel\/941646872221743\/\" target=\"_blank\">Paises felicitan a abelardo su victoria<\/a> \u2014 <strong>95 mil<\/strong> vistas<\/li>\n  <li style=\"margin-bottom: 8px;\"><a href=\"https:\/\/www.facebook.com\/reel\/1094688909811326\/\" target=\"_blank\">Avanses del presidente abelardo MJD<\/a> \u2014 <strong>77 mil<\/strong> vistas<\/li>\n  <li style=\"margin-bottom: 8px;\"><a href=\"https:\/\/www.facebook.com\/reel\/904716625288825\/\" target=\"_blank\">Algunas paises de Europa con abelardo<\/a> \u2014 <strong>64 mil<\/strong> vistas<\/li>\n  <li style=\"margin-bottom: 8px;\"><a href=\"https:\/\/www.facebook.com\/reel\/27413272731632463\/\" target=\"_blank\">Abelardo habla sobre su derrota en senado<\/a> \u2014 <strong>54 mil<\/strong> vistas<\/li>\n  <li style=\"margin-bottom: 8px;\"><a href=\"https:\/\/www.facebook.com\/reel\/1612324933569813\/\" target=\"_blank\">Abelardo acabar\u00e1 el proceso de paz<\/a> \u2014 <strong>47 mil<\/strong> vistas<\/li>\n  <li style=\"margin-bottom: 8px;\"><a href=\"https:\/\/www.facebook.com\/reel\/2463147170794462\/\" target=\"_blank\">Abelardo desmiente pago por horas<\/a> \u2014 <strong>47 mil<\/strong> vistas<\/li>\n  <li style=\"margin-bottom: 8px;\"><a href=\"https:\/\/www.facebook.com\/reel\/1776702333742977\/\" target=\"_blank\">Abelardo no podra usar s\u00edmbolos patrios<\/a> \u2014 <strong>41 mil<\/strong> vistas<\/li>\n  <li style=\"margin-bottom: 8px;\"><a href=\"https:\/\/www.facebook.com\/reel\/5596028053956635\/\" target=\"_blank\">Abelardo rechazo invitaci\u00f3n a Petro !<\/a> \u2014 <strong>40 mil<\/strong> vistas<\/li>\n  <li style=\"margin-bottom: 8px;\"><a href=\"https:\/\/www.facebook.com\/reel\/2056879391581150\/\" target=\"_blank\">Abelardo no podr\u00e1 pocicionarse en base EJ\u00c9RCITO Touen INACIONAL BOSE<\/a> \u2014 <strong>28 mil<\/strong> vistas<\/li>\n  <li style=\"margin-bottom: 8px;\"><a href=\"https:\/\/www.facebook.com\/reel\/1049259504236435\/\" target=\"_blank\">Cepeda no asistir\u00e1 a la posesi\u00f3n de abelardo<\/a> \u2014 <strong>25 mil<\/strong> vistas<\/li>\n  <li style=\"margin-bottom: 8px;\"><a href=\"https:\/\/www.facebook.com\/reel\/1978040472905977\/\" target=\"_blank\">Abelardo tild\u00f3 de flojos a gobierno petro Ns<\/a> \u2014 <strong>24 mil<\/strong> vistas<\/li>\n  <li style=\"margin-bottom: 8px;\"><a href=\"https:\/\/www.facebook.com\/reel\/4454887004828292\/\" target=\"_blank\">Cepeda exige a abelardo que no siga a petro<\/a> \u2014 <strong>24 mil<\/strong> vistas<\/li>\n  <li style=\"margin-bottom: 8px;\"><a href=\"https:\/\/www.facebook.com\/reel\/868207186364620\/\" target=\"_blank\">Abelardo meter\u00e1 a timichenko a prision<\/a> \u2014 <strong>24 mil<\/strong> vistas<\/li>\n  <li style=\"margin-bottom: 8px;\"><a href=\"https:\/\/www.facebook.com\/reel\/1360812509588694\/\" target=\"_blank\">U Presidente abelardo esta de cumplea\u00f1os Voaes]<\/a> \u2014 <strong>23 mil<\/strong> vistas<\/li>\n  <li style=\"margin-bottom: 8px;\"><a href=\"https:\/\/www.facebook.com\/reel\/2226345804809255\/\" target=\"_blank\">TIGRE Posesion de abelardo a pronto comienzo<\/a> \u2014 <strong>22 mil<\/strong> vistas<\/li>\n  <li style=\"margin-bottom: 8px;\"><a href=\"https:\/\/www.facebook.com\/reel\/1093736149887959\/\" target=\"_blank\">Abelardo hace una limpieza del gobierno<\/a> \u2014 <strong>20 mil<\/strong> vistas<\/li>\n  <li style=\"margin-bottom: 8px;\"><a href=\"https:\/\/www.facebook.com\/reel\/1661146648312673\/\" target=\"_blank\">Le colocan la Banda presidencial a Abelardo<\/a> \u2014 <strong>20 mil<\/strong> vistas<\/li>\n  <li style=\"margin-bottom: 8px;\"><a href=\"https:\/\/www.facebook.com\/reel\/1050952187701702\/\" target=\"_blank\">El presidente abelardo TIGRE<\/a> \u2014 <strong>18 mil<\/strong> vistas<\/li>\n  <li style=\"margin-bottom: 8px;\"><a href=\"https:\/\/www.facebook.com\/reel\/1751968002653768\/\" target=\"_blank\">Uribe y su partido en contra de abelardo? II<\/a> \u2014 <strong>18 mil<\/strong> vistas<\/li>\n  <li style=\"margin-bottom: 8px;\"><a href=\"https:\/\/www.facebook.com\/reel\/1015198501300828\/\" target=\"_blank\">Posesion de abelardo en Caliaonto foliz<\/a> \u2014 <strong>18 mil<\/strong> vistas<\/li>\n  <li style=\"margin-bottom: 8px;\"><a href=\"https:\/\/www.facebook.com\/reel\/1703054670770380\/\" target=\"_blank\">Presidente de Fifa Vendr\u00e1 a posesion de abelardo el tigre<\/a> \u2014 <strong>15 mil<\/strong> vistas<\/li>\n  <li style=\"margin-bottom: 8px;\"><a href=\"https:\/\/www.facebook.com\/reel\/1483631630475801\/\" target=\"_blank\">Mexico reconoce a Abelardo<\/a> \u2014 <strong>15 mil<\/strong> vistas<\/li>\n  <li style=\"margin-bottom: 8px;\"><a href=\"https:\/\/www.facebook.com\/reel\/1379206604078417\/\" target=\"_blank\">Colombianos agradecen a abelardo<\/a> \u2014 <strong>15 mil<\/strong> vistas<\/li>\n  <li style=\"margin-bottom: 8px;\"><a href=\"https:\/\/www.facebook.com\/reel\/2078546393018918\/\" target=\"_blank\">Avances positivos de abelardo<\/a> \u2014 <strong>14 mil<\/strong> vistas<\/li>\n  <li style=\"margin-bottom: 8px;\"><a href=\"https:\/\/www.facebook.com\/reel\/1026462627009630\/\" target=\"_blank\">Abelardo lanz\u00f3 ultim\u00e1tum a los grupos<\/a> \u2014 <strong>14 mil<\/strong> vistas<\/li>\n  <li style=\"margin-bottom: 8px;\"><a href=\"https:\/\/www.facebook.com\/reel\/1011858668299743\/\" target=\"_blank\">Abelardo subir\u00e1 sueldo adulto mayor<\/a> \u2014 <strong>14 mil<\/strong> vistas<\/li>\n  <li style=\"margin-bottom: 8px;\"><a href=\"https:\/\/www.facebook.com\/reel\/2078122769578953\/\" target=\"_blank\">Abelardo quiere volver la seguridad !! LUXURY Claners<\/a> \u2014 <strong>12 mil<\/strong> vistas<\/li>\n  <li style=\"margin-bottom: 8px;\"><a href=\"https:\/\/www.facebook.com\/reel\/1094948746386235\/\" target=\"_blank\">Abelardo agradece a los organismos de socorro<\/a> \u2014 <strong>11 mil<\/strong> vistas<\/li>\n  <li style=\"margin-bottom: 8px;\"><a href=\"https:\/\/www.facebook.com\/reel\/1389391153368746\/\" target=\"_blank\">iPresidente Abelardo esta dando resultados?<\/a> \u2014 <strong>11 mil<\/strong> vistas<\/li>\n  <li style=\"margin-bottom: 8px;\"><a href=\"https:\/\/www.facebook.com\/reel\/4634394870219217\/\" target=\"_blank\">Subsecretario de USA Apoya a Abelardo<\/a> \u2014 <strong>10 mil<\/strong> vistas<\/li>\n  <li style=\"margin-bottom: 8px;\"><a href=\"https:\/\/www.facebook.com\/reel\/1370819714517957\/\" target=\"_blank\">Sede alterna del gobierno abelardo<\/a> \u2014 <strong>10 mil<\/strong> vistas<\/li>\n  <li style=\"margin-bottom: 8px;\"><a href=\"https:\/\/www.facebook.com\/reel\/1757488102126982\/\" target=\"_blank\">Gobierno de Abelardo no subir\u00e1 gasolina<\/a> \u2014 <strong>10 mil<\/strong> vistas<\/li>\n  <li style=\"margin-bottom: 8px;\"><a href=\"https:\/\/www.facebook.com\/reel\/2338975113302945\/\" target=\"_blank\">Abelardo volver\u00e1 el subsidio mi casaya<\/a> \u2014 <strong>10 mil<\/strong> vistas<\/li>\n  <li style=\"margin-bottom: 8px;\"><a href=\"https:\/\/www.facebook.com\/reel\/1093315393127635\/\" target=\"_blank\">Abelardo, dio a conocer cifras de reparaci\u00f3n<\/a> \u2014 <strong>9,5 mil<\/strong> vistas<\/li>\n  <li style=\"margin-bottom: 8px;\"><a href=\"https:\/\/www.facebook.com\/reel\/889244840112653\/\" target=\"_blank\">Abelardo amplia ventaja para 2da vuelta<\/a> \u2014 <strong>8,9 mil<\/strong> vistas<\/li>\n  <li style=\"margin-bottom: 8px;\"><a href=\"https:\/\/www.facebook.com\/reel\/2274884306384625\/\" target=\"_blank\">Gente de cepeda acusa de abelardo no debate<\/a> \u2014 <strong>8,7 mil<\/strong> vistas<\/li>\n  <li style=\"margin-bottom: 8px;\"><a href=\"https:\/\/www.facebook.com\/reel\/2393031497855751\/\" target=\"_blank\">Abelardo cerrar\u00e1 embajadas inesesarias NYORK<\/a> \u2014 <strong>8,7 mil<\/strong> vistas<\/li>\n  <li style=\"margin-bottom: 8px;\"><a href=\"https:\/\/www.facebook.com\/reel\/1046971778222376\/\" target=\"_blank\">Presidente abelardo pidi\u00f3 disculpas<\/a> \u2014 <strong>8 mil<\/strong> vistas<\/li>\n  <li style=\"margin-bottom: 8px;\"><a href=\"https:\/\/www.facebook.com\/reel\/1030319096422687\/\" target=\"_blank\">Petro preocupado por Abelardo<\/a> \u2014 <strong>7,7 mil<\/strong> vistas<\/li>\n<\/ol>\n<\/div>\n\n\n\n<h1 class=\"wp-block-heading\"><strong>2. Qu\u00e9 tipo de desinformaci\u00f3n es esto, t\u00e9cnicamente<\/strong><\/h1>\n\n\n\n<p class=\"wp-block-paragraph\">No toda mentira es igual. Existen categor\u00edas reconocidas para clasificar c\u00f3mo se manipula la informaci\u00f3n, desarrolladas por investigadores como Claire Wardle y Hossein Derakhshan, y usadas por organizaciones como el Digital Forensic Research Lab del Atlantic Council.<\/p>\n\n\n\n<p class=\"wp-block-paragraph\">Esta investigaci\u00f3n aplic\u00f3 ese marco a la evidencia recolectada. El resultado no encaja en una sola categor\u00eda. Encaja en varias, combinadas.<\/p>\n\n\n\n<p class=\"wp-block-paragraph\"><strong>Contenido fabricado.<\/strong><\/p>\n\n\n\n<p class=\"wp-block-paragraph\"><strong>Las personas que aparecen en los videos no existen. <\/strong>No es un video real editado o descontextualizado. Es la creaci\u00f3n, desde cero, de seres humanos sint\u00e9ticos \u2014reporteros, entrevistados, ciudadanos de a pie\u2014 y de las opiniones que se les atribuye.<\/p>\n\n\n\n<p class=\"wp-block-paragraph\"><strong>Nadie dijo lo que esas personas dicen. Porque esas personas nunca existieron.<\/strong><\/p>\n\n\n\n<p class=\"wp-block-paragraph\">El reel <em>&#8220;<a href=\"https:\/\/www.facebook.com\/reel\/1438404224822208\">USA celebra alianza con Colombia&#8221;<\/a><\/em> (4 mil vistas) muestra a un &#8220;reportero del ejercito&#8221; como testigo del despliegue de tropas norteamericanas en Colombia. <strong>Nada de lo que se ve en este video es real. <\/strong>La narraci\u00f3n s\u00ed tiene hechos verificables como la visita del general Francis L. Donovan que culmin\u00f3 el 29 de agosto. Sin embargo parte de lo que cuenta y de lo que aparece en las im\u00e1genes es artificial. Escudos, soldados, uniformes no coinciden con los reales. <\/p>\n\n\n\n<figure class=\"wp-block-video\"><video height=\"640\" style=\"aspect-ratio: 360 \/ 640;\" width=\"360\" controls src=\"https:\/\/blog.hyperconectado.co\/wp-content\/uploads\/2026\/09\/snapsave-app_1438404224822208_sd.mp4\"><\/video><\/figure>\n\n\n\n<p class=\"wp-block-paragraph\"><br><\/p>\n\n\n\n<p class=\"wp-block-paragraph\"><strong>Contenido enga\u00f1oso.<\/strong><\/p>\n\n\n\n<p class=\"wp-block-paragraph\">Esta categor\u00eda no describe el tono del contenido. Describe una t\u00e9cnica espec\u00edfica: construir un enfoque que no corresponde a los hechos, para favorecer un punto de vista.<\/p>\n\n\n\n<p class=\"wp-block-paragraph\">Es exactamente lo que se encontr\u00f3 al verificar los 50 videos sobre Abelardo de la Espriella. El titular anuncia una controversia. El video la resuelve a su favor.<\/p>\n\n\n\n<p class=\"wp-block-paragraph\">El titular es el anzuelo. El contenido es la defensa.<\/p>\n\n\n\n<p class=\"wp-block-paragraph\">El reel <em>&#8220;Abelardo no podr\u00e1 usar s\u00edmbolos patrios&#8221;<\/em> (41 mil vistas). El titular sugiere una restricci\u00f3n o controversia hacia el presidente. Al verlo completo, el video menciona la cr\u00edtica solo para desestimarla y defender la posici\u00f3n del gobierno.<\/p>\n\n\n\n<figure class=\"wp-block-video\"><video height=\"1920\" style=\"aspect-ratio: 1080 \/ 1920;\" width=\"1080\" controls src=\"https:\/\/blog.hyperconectado.co\/wp-content\/uploads\/2026\/09\/snapsave-app_1776702333742977_hd.mp4\"><\/video><\/figure>\n\n\n\n<p class=\"wp-block-paragraph\"><\/p>\n\n\n\n<figure class=\"wp-block-image aligncenter size-full\"><img loading=\"lazy\" decoding=\"async\" width=\"365\" height=\"751\" src=\"http:\/\/blog.hyperconectado.co\/wp-content\/uploads\/2026\/09\/Captura-de-pantalla-2026-09-04-a-las-1.30.33-p.m-4.png\" alt=\"\" class=\"wp-image-1477\" srcset=\"https:\/\/blog.hyperconectado.co\/wp-content\/uploads\/2026\/09\/Captura-de-pantalla-2026-09-04-a-las-1.30.33-p.m-4.png 365w, https:\/\/blog.hyperconectado.co\/wp-content\/uploads\/2026\/09\/Captura-de-pantalla-2026-09-04-a-las-1.30.33-p.m-4-146x300.png 146w\" sizes=\"auto, (max-width: 365px) 100vw, 365px\" \/><\/figure>\n\n\n\n<p class=\"wp-block-paragraph\">Los comentarios bajo estos videos sugieren que, al menos para parte de la audiencia, la distinci\u00f3n entre recreaci\u00f3n con IA y periodismo ciudadano real no es evidente. En este video analizados, usuarios reales responden como si estuvieran presenciando un hecho genuino: <em>&#8220;Colombia entera estamos FIRMES POR LA PATRIA CON ABELARDO PRESIDENTE&#8221;<\/em>, escribe uno. <em>&#8220;Entre m\u00e1s nos atacan al tigre m\u00e1s firmes estamos con el tigre&#8221;<\/em>, escribe otro.<\/p>\n\n\n\n<p class=\"wp-block-paragraph\"><strong>Desinformaci\u00f3n por sesgo sistem\u00e1tico.<\/strong><\/p>\n\n\n\n<p class=\"wp-block-paragraph\">No toda desinformaci\u00f3n requiere un hecho falso en su base. Basta con una inclinaci\u00f3n deliberada y sostenida en c\u00f3mo se presentan los hechos reales.<\/p>\n\n\n\n<p class=\"wp-block-paragraph\">Eso es, precisamente, lo que muestran los datos: cien por ciento de contenido favorable hacia un protagonista pol\u00edtico, en cincuenta de cincuenta videos verificados.<\/p>\n\n\n\n<p class=\"wp-block-paragraph\"><strong>Propaganda gris.<\/strong><\/p>\n\n\n\n<p class=\"wp-block-paragraph\">La propaganda se divide, seg\u00fan su origen, en blanca, negra o gris. Blanca: se conoce qui\u00e9n la produce. Negra: se hace pasar por el objetivo que ataca. Gris: el origen no es claro.<\/p>\n\n\n\n<p class=\"wp-block-paragraph\">Se sabe que la p\u00e1gina opera desde Colombia. No se sabe qui\u00e9n la administra, ni con qu\u00e9 motivaci\u00f3n.<\/p>\n\n\n\n<p class=\"wp-block-paragraph\">Eso la ubica, por definici\u00f3n, en la categor\u00eda gris.<\/p>\n\n\n\n<p class=\"wp-block-paragraph\"><strong>Clickbaiting, como t\u00e9cnica de apoyo.<\/strong><\/p>\n\n\n\n<p class=\"wp-block-paragraph\">T\u00edtulos en may\u00fasculas. Signos de exclamaci\u00f3n. Preguntas ret\u00f3ricas. El formato est\u00e1 dise\u00f1ado para maximizar clics y alcance, no para informar con precisi\u00f3n.<\/p>\n\n\n\n<p class=\"wp-block-paragraph\"><\/p>\n\n\n\n<p class=\"wp-block-paragraph\"><strong>No es simple monetizaci\u00f3n o viralizaci\u00f3n gen\u00e9rica.<\/strong><\/p>\n\n\n\n<p class=\"wp-block-paragraph\">Esta es la objeci\u00f3n m\u00e1s obvia, y merece una respuesta directa: \u00bfno es esto, simplemente, un creador de contenido usando IA para generar clics, como miles de p\u00e1ginas hacen todos los d\u00edas?<\/p>\n\n\n\n<p class=\"wp-block-paragraph\">Los datos dicen que no. O, al menos, que no es <em>solo<\/em> eso.<\/p>\n\n\n\n<p class=\"wp-block-paragraph\">Si el objetivo fuera puramente viralizar contenido llamativo sin intenci\u00f3n pol\u00edtica, el tratamiento hacia los distintos protagonistas deber\u00eda ser parecido entre s\u00ed. Un video sobre Maduro, sobre Trump, sobre Petro o sobre Abelardo deber\u00eda seguir la misma f\u00f3rmula: la que m\u00e1s genera clics, sin importar de qui\u00e9n se hable.<\/p>\n\n\n\n<p class=\"wp-block-paragraph\">No es lo que se observa.<\/p>\n\n\n\n<p class=\"wp-block-paragraph\">Maduro y Trump \u2014ambos protagonistas de eventos tan o m\u00e1s dram\u00e1ticos que cualquiera de los relacionados con Colombia\u2014 reciben cobertura mayoritariamente neutral. Ning\u00fan patr\u00f3n de favoritismo sistem\u00e1tico.<\/p>\n\n\n\n<p class=\"wp-block-paragraph\">Abelardo de la Espriella, en cambio, concentra el 100% de contenido favorable verificado. Sus rivales pol\u00edticos directos concentran la mayor proporci\u00f3n de contenido cr\u00edtico de toda la p\u00e1gina.<\/p>\n\n\n\n<p class=\"wp-block-paragraph\">Esa diferencia no se explica por viralidad. Un video cr\u00edtico de un presidente en ejercicio genera, t\u00edpicamente, tanto o m\u00e1s inter\u00e9s que uno que lo elogia \u2014la controversia vende. Si el objetivo fuera solo maximizar audiencia, cabr\u00eda esperar m\u00e1s piezas cr\u00edticas hacia Abelardo, no menos.<\/p>\n\n\n\n<p class=\"wp-block-paragraph\">Lo que se observa es lo contrario: un tratamiento que ser\u00edan protector, sostenido y exclusivo, dirigido a un solo gobierno en ejercicio.<\/p>\n\n\n\n<p class=\"wp-block-paragraph\">Eso no descarta que tambi\u00e9n haya un componente comercial \u2014la publicidad, las suscripciones, el alcance, probablemente generan ingresos para quien administra la p\u00e1gina. Pero un motivo econ\u00f3mico y un patr\u00f3n pol\u00edtico dirigido no son mutuamente excluyentes. Los datos muestran ambas cosas: contenido dise\u00f1ado para viralizar, y dentro de ese contenido, una direcci\u00f3n que podr\u00eda ser pol\u00edtica. <\/p>\n\n\n\n<h1 class=\"wp-block-heading\">4. Por qu\u00e9 esto importa<\/h1>\n\n\n\n<p class=\"wp-block-paragraph\">Este contenido lleva la etiqueta correcta. Facebook s\u00ed marca estos videos como &#8220;Contenido de IA&#8221;. Esa parte del sistema funcion\u00f3.<\/p>\n\n\n\n<p class=\"wp-block-paragraph\"><strong>El problema es otro: esa etiqueta es casi invisible para quien scrollea.<\/strong><\/p>\n\n\n\n<p class=\"wp-block-paragraph\">Los comentarios bajo estos videos lo confirman. Personas reales responden como si estuvieran presenciando un hecho genuino \u2014<em>&#8220;Colombia entera estamos firmes por la patria con Abelardo presidente&#8221;<\/em>, escribe una. No hay se\u00f1al de que perciban que el reportero, el entrevistado, la escena entera, fueron generados por una m\u00e1quina.<\/p>\n\n\n\n<p class=\"wp-block-paragraph\">El etiquetado de transparencia existe. No est\u00e1 funcionando como transparencia real.<\/p>\n\n\n\n<p class=\"wp-block-paragraph\">Esto no ocurre en un rinc\u00f3n marginal de internet. Ocurre en Colombia, sobre un gobierno en ejercicio, con herramientas de acceso p\u00fablico \u2014cualquiera con una cuenta gratuita puede usar las mismas.<\/p>\n\n\n\n<p class=\"wp-block-paragraph\">Eso es, quiz\u00e1s, lo m\u00e1s inquietante de todo: no hace falta ser un actor estatal, ni tener presupuesto de campa\u00f1a, ni contar con un equipo. Hace falta una persona, un tel\u00e9fono, y las herramientas que ya existen hoy, gratis, para cualquiera.<\/p>\n\n\n\n<p class=\"wp-block-paragraph\">Esta investigaci\u00f3n document\u00f3 un caso. No hay raz\u00f3n para pensar que sea el \u00fanico.<\/p>\n\n\n\n<p class=\"wp-block-paragraph\"><strong>\u00bfQu\u00e9 tan preparadas est\u00e1n las instituciones colombianas \u2014electorales, de comunicaci\u00f3n, de protecci\u00f3n al consumidor digital\u2014 para un fen\u00f3meno que no requiere financiamiento, ni coordinaci\u00f3n, ni siquiera que su origen sea claro?<\/strong><\/p>\n\n\n\n<p class=\"wp-block-paragraph\">La pregunta queda abierta. No porque no importe la respuesta. Porque, hasta ahora, nadie la ha respondido.<\/p>\n\n\n\n<p class=\"wp-block-paragraph\">\u00bfHasta que punto esta estrategia influye en el estado de opini\u00f3n sobre el pa\u00eds? \u00bfC\u00f3mo se forman ideas de este gobierno en la mente de miles de usuarios de Facebook que est\u00e1n expuestos a este contenido?<\/p>\n\n\n\n<div style=\"border: 4px solid #0E0E0E; background: #F3F2F1; padding: 28px 24px; margin: 40px 0;\">\n\n  <p style=\"font-size: 13px; font-weight: 700; text-transform: uppercase; letter-spacing: 0.5px; color: #308A9E; margin: 0 0 14px;\">Explora la investigaci\u00f3n completa<\/p>\n\n  <div style=\"display: grid; gap: 12px;\">\n\n    <a href=\"https:\/\/hyperconectado.co\/proyectos\/\" target=\"_blank\" style=\"display: flex; align-items: center; justify-content: space-between; background: #308A9E; border: 3px solid #0E0E0E; padding: 16px 20px; text-decoration: none; box-shadow: 4px 4px 0 #0E0E0E;\">\n      <span style=\"color: #fff; font-weight: 900; font-size: 16px;\">El elenco falso \u2014 1,146 rostros que no existen<\/span>\n      <span style=\"color: #fff; font-size: 20px;\">\u2192<\/span>\n    <\/a>\n\n    <a href=\"https:\/\/hyperconectado.co\/proyectos\/como-lo-hicimos\/\" target=\"_blank\" style=\"display: flex; align-items: center; justify-content: space-between; background: #D5A838; border: 3px solid #0E0E0E; padding: 16px 20px; text-decoration: none; box-shadow: 4px 4px 0 #0E0E0E;\">\n      <span style=\"color: #0E0E0E; font-weight: 900; font-size: 16px;\">C\u00f3mo lo hicimos \u2014 la historia detr\u00e1s del hallazgo<\/span>\n      <span style=\"color: #0E0E0E; font-size: 20px;\">\u2192<\/span>\n    <\/a>\n\n    <a href=\"https:\/\/hyperconectado.co\/proyectos\/metodologia\/\" target=\"_blank\" style=\"display: flex; align-items: center; justify-content: space-between; background: #fff; border: 3px solid #0E0E0E; padding: 16px 20px; text-decoration: none; box-shadow: 4px 4px 0 #0E0E0E;\">\n      <span style=\"color: #0E0E0E; font-weight: 900; font-size: 16px;\">Anexo metodol\u00f3gico \u2014 para verificar cada dato<\/span>\n      <span style=\"color: #CD3334; font-size: 20px;\">\u2192<\/span>\n    <\/a>\n\n  <\/div>\n\n  <p style=\"font-size: 13px; color: #555; margin-top: 18px; line-height: 1.5;\">\n    Esta investigaci\u00f3n fue realizada por Hyperconectado. Si tienes informaci\u00f3n adicional sobre esta p\u00e1gina o casos similares, puedes contactarnos.\n  <\/p>\n\n<\/div>\n\n\n\n<p class=\"wp-block-paragraph\">Datasets:<\/p>\n\n\n\n<div class=\"wp-block-file\"><a id=\"wp-block-file--media-5f059664-b99f-4b00-a50e-40ad8262e138\" href=\"https:\/\/blog.hyperconectado.co\/wp-content\/uploads\/2026\/09\/dataset_maestro_publico-1.csv\">dataset_maestro_publico<\/a><a href=\"https:\/\/blog.hyperconectado.co\/wp-content\/uploads\/2026\/09\/dataset_maestro_publico-1.csv\" class=\"wp-block-file__button wp-element-button\" download aria-describedby=\"wp-block-file--media-5f059664-b99f-4b00-a50e-40ad8262e138\">Descargar<\/a><\/div>\n\n\n\n<div class=\"wp-block-file\"><a id=\"wp-block-file--media-63905e53-512b-485f-a6fa-754603849542\" href=\"https:\/\/blog.hyperconectado.co\/wp-content\/uploads\/2026\/09\/dataset_50_abelardo_verificado.csv\">dataset_50_abelardo_verificado<\/a><a href=\"https:\/\/blog.hyperconectado.co\/wp-content\/uploads\/2026\/09\/dataset_50_abelardo_verificado.csv\" class=\"wp-block-file__button wp-element-button\" download aria-describedby=\"wp-block-file--media-63905e53-512b-485f-a6fa-754603849542\">Descargar<\/a><\/div>\n","protected":false},"excerpt":{"rendered":"<p>Una p\u00e1gina de Facebook con 1,146 videos y 384 millones de vistas usa personas creadas con IA para hacer parecer noticias reales. El 100% del contenido favorece a un mismo gobierno.<\/p>\n","protected":false},"author":1,"featured_media":1480,"comment_status":"open","ping_status":"open","sticky":false,"template":"","format":"standard","meta":{"_jetpack_newsletter_access":"","_jetpack_dont_email_post_to_subs":false,"_jetpack_newsletter_tier_id":0,"_jetpack_memberships_contains_paywalled_content":false,"_jetpack_feature_clip_id":0,"_jetpack_memberships_contains_paid_content":false,"footnotes":"","jetpack_post_was_ever_published":false},"categories":[34],"tags":[350,52,311,106,329,157,288,154,66,172,383],"class_list":["post-1459","post","type-post","status-publish","format-standard","has-post-thumbnail","hentry","category-desinformacion","tag-abelardo-de-la-espriella","tag-colombia","tag-contenido-fabricado","tag-desinformacion-2","tag-elecciones-2026","tag-facebook","tag-fact-checking-2","tag-ia-generativa","tag-inteligencia-artificial","tag-propaganda-digital","tag-sora"],"jetpack_sharing_enabled":true,"jetpack_featured_media_url":"https:\/\/blog.hyperconectado.co\/wp-content\/uploads\/2026\/09\/Glitching-Face-Mosaic-scaled.png","_links":{"self":[{"href":"https:\/\/blog.hyperconectado.co\/index.php\/wp-json\/wp\/v2\/posts\/1459","targetHints":{"allow":["GET"]}}],"collection":[{"href":"https:\/\/blog.hyperconectado.co\/index.php\/wp-json\/wp\/v2\/posts"}],"about":[{"href":"https:\/\/blog.hyperconectado.co\/index.php\/wp-json\/wp\/v2\/types\/post"}],"author":[{"embeddable":true,"href":"https:\/\/blog.hyperconectado.co\/index.php\/wp-json\/wp\/v2\/users\/1"}],"replies":[{"embeddable":true,"href":"https:\/\/blog.hyperconectado.co\/index.php\/wp-json\/wp\/v2\/comments?post=1459"}],"version-history":[{"count":13,"href":"https:\/\/blog.hyperconectado.co\/index.php\/wp-json\/wp\/v2\/posts\/1459\/revisions"}],"predecessor-version":[{"id":1497,"href":"https:\/\/blog.hyperconectado.co\/index.php\/wp-json\/wp\/v2\/posts\/1459\/revisions\/1497"}],"wp:featuredmedia":[{"embeddable":true,"href":"https:\/\/blog.hyperconectado.co\/index.php\/wp-json\/wp\/v2\/media\/1480"}],"wp:attachment":[{"href":"https:\/\/blog.hyperconectado.co\/index.php\/wp-json\/wp\/v2\/media?parent=1459"}],"wp:term":[{"taxonomy":"category","embeddable":true,"href":"https:\/\/blog.hyperconectado.co\/index.php\/wp-json\/wp\/v2\/categories?post=1459"},{"taxonomy":"post_tag","embeddable":true,"href":"https:\/\/blog.hyperconectado.co\/index.php\/wp-json\/wp\/v2\/tags?post=1459"}],"curies":[{"name":"wp","href":"https:\/\/api.w.org\/{rel}","templated":true}]}}